{"id":844,"date":"2019-05-16T16:36:00","date_gmt":"2019-05-16T14:36:00","guid":{"rendered":"https:\/\/arrplatform.org\/al\/?p=844"},"modified":"2022-12-30T05:21:27","modified_gmt":"2022-12-30T04:21:27","slug":"trajnim-rajonal-per-kthimin-efektiv-te-pasurive-standardet-ligjore-dhe-praktikat-e-mira","status":"publish","type":"post","link":"https:\/\/arrplatform.org\/al\/2019\/05\/16\/trajnim-rajonal-per-kthimin-efektiv-te-pasurive-standardet-ligjore-dhe-praktikat-e-mira\/","title":{"rendered":"Trajnim rajonal p\u00ebr kthimin efektiv t\u00eb pasurive, standardet ligjore dhe praktikat e mira"},"content":{"rendered":"\n<p>N\u00eb datat 14-15 maj 2019, Qendra AIRE n\u00eb bashk\u00ebpunim me Iniciativ\u00ebn Rajonale Kund\u00ebr Korrupsionit (RAI) dhe me mb\u00ebshtetjen e Qeveris\u00eb s\u00eb Mbret\u00ebris\u00eb s\u00eb Bashkuar organizoi nj\u00eb sesion trajnimi n\u00eb Mal t\u00eb Zi mbi tem\u00ebn e standardeve ligjore dhe praktikave t\u00eb mira n\u00eb fush\u00ebn e kthimit efektiv t\u00eb pasurive.<\/p>\n\n\n\n<p>Trajnimi u ndoq nga ekspert\u00eb t\u00eb kthimit t\u00eb pasurive, profesionist\u00eb t\u00eb s\u00eb drejt\u00ebs, vendimmarr\u00ebs dhe gjyqtar\u00eb nga e gjith\u00eb Evropa Juglindore. Fol\u00ebsit kryesor\u00eb n\u00eb k\u00ebt\u00eb aktivitet ishin k\u00ebshilltari p\u00ebr kthimin e pasurive Pedro Gomes Pereira, i cili foli mbi standardet nd\u00ebrkomb\u00ebtare dhe evropiane p\u00ebr kthimin e pasurive dhe aplikimin e tyre n\u00eb rajon, gjyqtarja Mirjana Lazarova Trajkovska e Gjykat\u00ebs s\u00eb Lart\u00eb t\u00eb Maqedonis\u00eb s\u00eb Veriut, e cila foli p\u00ebr kthimin e pasurive dhe standardet e t\u00eb drejtave t\u00eb Njeriut, Profesori Eldan Mujanovi\u00e7 i Universitetit t\u00eb Sarajev\u00ebs, i cili foli p\u00ebr p\u00ebrdorimin efektiv t\u00eb konfiskimit t\u00eb zgjeruar dhe pragun e provave, dhe gjyqtarja Radmila Drgicevi\u00e7-Di\u00e7iq e Gjykat\u00ebs s\u00eb Lart\u00eb t\u00eb Serbis\u00eb, e cila foli p\u00ebr praktik\u00ebn e kthimit t\u00eb pasurive n\u00eb Serbi.<\/p>\n\n\n\n<p>Aktiviteti u organizua n\u00ebn kujdesin e projektit rajonal t\u00eb Qendr\u00ebs AIRE kushtuar forcimit t\u00eb bashk\u00ebpunimit n\u00eb praktik\u00ebn rajonale t\u00eb kthimit t\u00eb pasuirve p\u00ebr t\u00eb ndihmuar luft\u00ebn kund\u00ebr korrupsionit dhe krimit t\u00eb organizuar.<\/p>\n","protected":false},"excerpt":{"rendered":"<p>N\u00eb datat 14-15 maj 2019, Qendra AIRE n\u00eb bashk\u00ebpunim me Iniciativ\u00ebn Rajonale Kund\u00ebr Korrupsionit (RAI) dhe me mb\u00ebshtetjen e Qeveris\u00eb s\u00eb Mbret\u00ebris\u00eb s\u00eb Bashkuar organizoi nj\u00eb sesion trajnimi n\u00eb Mal t\u00eb Zi mbi tem\u00ebn e standardeve ligjore dhe praktikave t\u00eb mira n\u00eb fush\u00ebn e kthimit efektiv t\u00eb pasurive. Trajnimi u ndoq nga ekspert\u00eb t\u00eb kthimit [&hellip;]<\/p>\n","protected":false},"author":3,"featured_media":0,"comment_status":"open","ping_status":"open","sticky":false,"template":"","format":"standard","meta":{"_et_pb_use_builder":"off","_et_pb_old_content":"","_et_gb_content_width":"","footnotes":""},"categories":[4],"tags":[],"class_list":["post-844","post","type-post","status-publish","format-standard","hentry","category-ngjarjet"],"_links":{"self":[{"href":"https:\/\/arrplatform.org\/al\/wp-json\/wp\/v2\/posts\/844","targetHints":{"allow":["GET"]}}],"collection":[{"href":"https:\/\/arrplatform.org\/al\/wp-json\/wp\/v2\/posts"}],"about":[{"href":"https:\/\/arrplatform.org\/al\/wp-json\/wp\/v2\/types\/post"}],"author":[{"embeddable":true,"href":"https:\/\/arrplatform.org\/al\/wp-json\/wp\/v2\/users\/3"}],"replies":[{"embeddable":true,"href":"https:\/\/arrplatform.org\/al\/wp-json\/wp\/v2\/comments?post=844"}],"version-history":[{"count":2,"href":"https:\/\/arrplatform.org\/al\/wp-json\/wp\/v2\/posts\/844\/revisions"}],"predecessor-version":[{"id":902,"href":"https:\/\/arrplatform.org\/al\/wp-json\/wp\/v2\/posts\/844\/revisions\/902"}],"wp:attachment":[{"href":"https:\/\/arrplatform.org\/al\/wp-json\/wp\/v2\/media?parent=844"}],"wp:term":[{"taxonomy":"category","embeddable":true,"href":"https:\/\/arrplatform.org\/al\/wp-json\/wp\/v2\/categories?post=844"},{"taxonomy":"post_tag","embeddable":true,"href":"https:\/\/arrplatform.org\/al\/wp-json\/wp\/v2\/tags?post=844"}],"curies":[{"name":"wp","href":"https:\/\/api.w.org\/{rel}","templated":true}]}}