{"id":915,"date":"2020-12-10T15:21:00","date_gmt":"2020-12-10T14:21:00","guid":{"rendered":"https:\/\/arrplatform.org\/al\/?p=915"},"modified":"2022-12-30T05:21:10","modified_gmt":"2022-12-30T04:21:10","slug":"prezantimi-i-raportit-te-projektit-mbi-metodologjite-e-monitorimit-te-kthimit-rajonal-te-pasurive-standardet-kryesore-dhe-rastet-studimore-te-praktikave-te-mira","status":"publish","type":"post","link":"https:\/\/arrplatform.org\/al\/2020\/12\/10\/prezantimi-i-raportit-te-projektit-mbi-metodologjite-e-monitorimit-te-kthimit-rajonal-te-pasurive-standardet-kryesore-dhe-rastet-studimore-te-praktikave-te-mira\/","title":{"rendered":"Prezantimi i raportit t\u00eb Projektit mbi metodologjit\u00eb e monitorimit t\u00eb kthimit rajonal t\u00eb pasurive, standardet kryesore dhe rastet studimore t\u00eb praktikave t\u00eb mira"},"content":{"rendered":"\n<p>M\u00eb 9 dhjetor 2020, Qendra AIRE n\u00eb bashk\u00ebpunim me Iniciativ\u00ebn Rajonale t\u00eb Kthimit t\u00eb Pasurive (RAI) dhe me mb\u00ebshtetjen e Qeveris\u00eb s\u00eb Mbret\u00ebris\u00eb s\u00eb Bashkuar organizuan prezantimin e raportit t\u00eb tyre mbi zbatimin efektiv t\u00eb masave t\u00eb kthimit t\u00eb pasurive n\u00eb Ballkanin Per\u00ebndimor p\u00ebrmes nj\u00eb v\u00ebshtrimi t\u00eb p\u00ebrgjithsh\u00ebm t\u00eb nj\u00eb metodologjie rajonale t\u00eb monitorimit, standardeve kryesore dhe rasteve studimore t\u00eb praktikave t\u00eb mira.<\/p>\n\n\n\n<p>Aktiviteti u ndoq nga profesionist\u00eb t\u00eb kthimit t\u00eb pasurive dhe p\u00ebrfaq\u00ebsues t\u00eb institucioneve gjyq\u00ebsore nga e gjith\u00eb Evropa Juglindore. Fol\u00ebsit kryesor\u00eb n\u00eb k\u00ebt\u00eb aktivitet ishin profesori Eldan Mujanovi\u00e7 i Universitetit t\u00eb Sarajev\u00ebs dhe gjyqtarja Radmila Dragi\u00e7evi\u00e7-Di\u00e7iq e Gjykat\u00ebs s\u00eb Lart\u00eb t\u00eb Republik\u00ebs s\u00eb Serbis\u00eb, t\u00eb cil\u00ebt diskutuan elementet e raportit.<\/p>\n\n\n\n<p>Raporti p\u00ebrfshinte nj\u00eb p\u00ebrmbledhje t\u00eb metodologjis\u00eb rajonale t\u00eb monitorimit, praktikave m\u00eb t\u00eb mira dhe hapave p\u00ebrpara, dhe prezantoi standardet m\u00eb t\u00eb r\u00ebnd\u00ebsishme q\u00eb rrjedhin nga burimet nd\u00ebrkomb\u00ebtare, ve\u00e7an\u00ebrisht nga Bashkimi Evropian. Ai ofroi nj\u00eb list\u00eb standardesh dhe rekomandimesh, me synimin p\u00ebr t&#8217;u ofruar autoriteteve komb\u00ebtare udh\u00ebzime t\u00eb dobishme dhe praktike p\u00ebr krijimin e nj\u00eb sistemi gjith\u00ebp\u00ebrfshir\u00ebs, t\u00eb sakt\u00eb dhe t\u00eb besuesh\u00ebm p\u00ebr mbledhjen, p\u00ebrpunimin dhe shp\u00ebrndarjen e t\u00eb dh\u00ebnave t\u00eb lidhura me kthimin e pasurive. Raporti gjithashtu p\u00ebrmbante histori suksesi t\u00eb paraqitura n\u00eb form\u00ebn e rasteve studimore, duke mbuluar aspekte t\u00eb ndryshme t\u00eb kthimit t\u00eb pasurive.<\/p>\n\n\n\n<p>Aktiviteti u organizua n\u00ebn kujdesin e projektit rajonal t\u00eb Qendr\u00ebs AIRE kushtuar forcimit t\u00eb bashk\u00ebpunimit n\u00eb praktik\u00ebn rajonale t\u00eb kthimit t\u00eb pasurive p\u00ebr t\u00eb ndihmuar luft\u00ebn kund\u00ebr korrupsionit dhe krimit t\u00eb organizuar.<\/p>\n","protected":false},"excerpt":{"rendered":"<p>M\u00eb 9 dhjetor 2020, Qendra AIRE n\u00eb bashk\u00ebpunim me Iniciativ\u00ebn Rajonale t\u00eb Kthimit t\u00eb Pasurive (RAI) dhe me mb\u00ebshtetjen e Qeveris\u00eb s\u00eb Mbret\u00ebris\u00eb s\u00eb Bashkuar organizuan prezantimin e raportit t\u00eb tyre mbi zbatimin efektiv t\u00eb masave t\u00eb kthimit t\u00eb pasurive n\u00eb Ballkanin Per\u00ebndimor p\u00ebrmes nj\u00eb v\u00ebshtrimi t\u00eb p\u00ebrgjithsh\u00ebm t\u00eb nj\u00eb metodologjie rajonale t\u00eb monitorimit, standardeve [&hellip;]<\/p>\n","protected":false},"author":3,"featured_media":0,"comment_status":"open","ping_status":"open","sticky":false,"template":"","format":"standard","meta":{"_et_pb_use_builder":"off","_et_pb_old_content":"","_et_gb_content_width":"","footnotes":""},"categories":[4],"tags":[],"class_list":["post-915","post","type-post","status-publish","format-standard","hentry","category-ngjarjet"],"_links":{"self":[{"href":"https:\/\/arrplatform.org\/al\/wp-json\/wp\/v2\/posts\/915","targetHints":{"allow":["GET"]}}],"collection":[{"href":"https:\/\/arrplatform.org\/al\/wp-json\/wp\/v2\/posts"}],"about":[{"href":"https:\/\/arrplatform.org\/al\/wp-json\/wp\/v2\/types\/post"}],"author":[{"embeddable":true,"href":"https:\/\/arrplatform.org\/al\/wp-json\/wp\/v2\/users\/3"}],"replies":[{"embeddable":true,"href":"https:\/\/arrplatform.org\/al\/wp-json\/wp\/v2\/comments?post=915"}],"version-history":[{"count":1,"href":"https:\/\/arrplatform.org\/al\/wp-json\/wp\/v2\/posts\/915\/revisions"}],"predecessor-version":[{"id":916,"href":"https:\/\/arrplatform.org\/al\/wp-json\/wp\/v2\/posts\/915\/revisions\/916"}],"wp:attachment":[{"href":"https:\/\/arrplatform.org\/al\/wp-json\/wp\/v2\/media?parent=915"}],"wp:term":[{"taxonomy":"category","embeddable":true,"href":"https:\/\/arrplatform.org\/al\/wp-json\/wp\/v2\/categories?post=915"},{"taxonomy":"post_tag","embeddable":true,"href":"https:\/\/arrplatform.org\/al\/wp-json\/wp\/v2\/tags?post=915"}],"curies":[{"name":"wp","href":"https:\/\/api.w.org\/{rel}","templated":true}]}}