{"id":932,"date":"2020-10-28T16:10:00","date_gmt":"2020-10-28T15:10:00","guid":{"rendered":"https:\/\/arrplatform.org\/al\/?p=932"},"modified":"2022-12-30T05:21:14","modified_gmt":"2022-12-30T04:21:14","slug":"takimi-i-pare-qe-themeloi-rrjetin-rajonal-te-alumnive-te-profesionisteve-te-kthimit-te-pasurive","status":"publish","type":"post","link":"https:\/\/arrplatform.org\/al\/2020\/10\/28\/takimi-i-pare-qe-themeloi-rrjetin-rajonal-te-alumnive-te-profesionisteve-te-kthimit-te-pasurive\/","title":{"rendered":"Takimi i par\u00eb q\u00eb themeloi Rrjetin Rajonal t\u00eb Alumnive t\u00eb Profesionist\u00ebve t\u00eb Kthimit t\u00eb Pasurive"},"content":{"rendered":"\n<p>M\u00eb 27 tetor 2020, Qendra AIRE n\u00eb partneritet me Iniciativ\u00ebn Rajonale p\u00ebr Kthimin e Pasurive (RAI) dhe me mb\u00ebshtetjen e Qeveris\u00eb s\u00eb Mbret\u00ebris\u00eb s\u00eb Bashkuar themeluan Rrjetin Rajonal t\u00eb Alumnive si nj\u00eb platform\u00eb p\u00ebr shk\u00ebmbimin e informacionit dhe praktikave t\u00eb mira mbi kthimin e pasurive. Platforma do t\u00eb p\u00ebrmir\u00ebsoj\u00eb koordinimin dhe bashk\u00ebpunimin n\u00eb nivel rajonal dhe nd\u00ebrkomb\u00ebtar.<\/p>\n\n\n\n<p>Aktiviteti u ndoq nga p\u00ebrfaq\u00ebsues t\u00eb t\u00eb gjitha vendeve q\u00eb marrin pjes\u00eb n\u00eb projektin rajonal t\u00eb kthimit t\u00eb pasurive t\u00eb Qendr\u00ebs AIRE. Objektivi i takimit ishte krijimi dhe konsolidimi i Rrjetit Rajonal t\u00eb Alumnive p\u00ebrmes diskutimit t\u00eb planit p\u00ebr t\u00eb ngritur nj\u00eb platform\u00eb t\u00eb mbyllur p\u00ebr komunitetin ku mund t\u00eb ndahen burimet dhe praktikat e mira mes pjes\u00ebmarr\u00ebsve t\u00eb projektit.<\/p>\n\n\n\n<p>Takimi u organizua n\u00ebn kujdesin e projektit rajonal t\u00eb Qendr\u00ebs AIRE kushtuar zgjerimit t\u00eb bashk\u00ebpunimit n\u00eb Evrop\u00ebn Juglindore n\u00eb lidhje me praktik\u00ebn e kthimit t\u00eb pasurive n\u00eb luft\u00ebn kund\u00ebr korrupsionit dhe krimit t\u00eb organizuar.<\/p>\n","protected":false},"excerpt":{"rendered":"<p>M\u00eb 27 tetor 2020, Qendra AIRE n\u00eb partneritet me Iniciativ\u00ebn Rajonale p\u00ebr Kthimin e Pasurive (RAI) dhe me mb\u00ebshtetjen e Qeveris\u00eb s\u00eb Mbret\u00ebris\u00eb s\u00eb Bashkuar themeluan Rrjetin Rajonal t\u00eb Alumnive si nj\u00eb platform\u00eb p\u00ebr shk\u00ebmbimin e informacionit dhe praktikave t\u00eb mira mbi kthimin e pasurive. Platforma do t\u00eb p\u00ebrmir\u00ebsoj\u00eb koordinimin dhe bashk\u00ebpunimin n\u00eb nivel rajonal [&hellip;]<\/p>\n","protected":false},"author":3,"featured_media":0,"comment_status":"open","ping_status":"open","sticky":false,"template":"","format":"standard","meta":{"_et_pb_use_builder":"off","_et_pb_old_content":"","_et_gb_content_width":"","footnotes":""},"categories":[4],"tags":[],"class_list":["post-932","post","type-post","status-publish","format-standard","hentry","category-ngjarjet"],"_links":{"self":[{"href":"https:\/\/arrplatform.org\/al\/wp-json\/wp\/v2\/posts\/932","targetHints":{"allow":["GET"]}}],"collection":[{"href":"https:\/\/arrplatform.org\/al\/wp-json\/wp\/v2\/posts"}],"about":[{"href":"https:\/\/arrplatform.org\/al\/wp-json\/wp\/v2\/types\/post"}],"author":[{"embeddable":true,"href":"https:\/\/arrplatform.org\/al\/wp-json\/wp\/v2\/users\/3"}],"replies":[{"embeddable":true,"href":"https:\/\/arrplatform.org\/al\/wp-json\/wp\/v2\/comments?post=932"}],"version-history":[{"count":1,"href":"https:\/\/arrplatform.org\/al\/wp-json\/wp\/v2\/posts\/932\/revisions"}],"predecessor-version":[{"id":933,"href":"https:\/\/arrplatform.org\/al\/wp-json\/wp\/v2\/posts\/932\/revisions\/933"}],"wp:attachment":[{"href":"https:\/\/arrplatform.org\/al\/wp-json\/wp\/v2\/media?parent=932"}],"wp:term":[{"taxonomy":"category","embeddable":true,"href":"https:\/\/arrplatform.org\/al\/wp-json\/wp\/v2\/categories?post=932"},{"taxonomy":"post_tag","embeddable":true,"href":"https:\/\/arrplatform.org\/al\/wp-json\/wp\/v2\/tags?post=932"}],"curies":[{"name":"wp","href":"https:\/\/api.w.org\/{rel}","templated":true}]}}