{"id":1342,"date":"2022-10-14T14:13:00","date_gmt":"2022-10-14T12:13:00","guid":{"rendered":"https:\/\/arrplatform.org\/bcms\/?p=1342"},"modified":"2022-12-28T16:03:44","modified_gmt":"2022-12-28T15:03:44","slug":"abazovic-zakon-o-porijeklu-imovine-najpotrebniji","status":"publish","type":"post","link":"https:\/\/arrplatform.org\/bcms\/2022\/10\/14\/abazovic-zakon-o-porijeklu-imovine-najpotrebniji\/","title":{"rendered":"Abazovi\u0107: Zakon o porijeklu imovine najpotrebniji"},"content":{"rendered":"\n<figure class=\"wp-block-image size-full\"><img loading=\"lazy\" decoding=\"async\" width=\"696\" height=\"465\" src=\"https:\/\/arrplatform.org\/bcms\/wp-content\/uploads\/sites\/2\/2022\/10\/Dritan-Abazovic-konferencija.jpg\" alt=\"\" class=\"wp-image-1343\" srcset=\"https:\/\/arrplatform.org\/bcms\/wp-content\/uploads\/sites\/2\/2022\/10\/Dritan-Abazovic-konferencija.jpg 696w, https:\/\/arrplatform.org\/bcms\/wp-content\/uploads\/sites\/2\/2022\/10\/Dritan-Abazovic-konferencija-480x321.jpg 480w\" sizes=\"(min-width: 0px) and (max-width: 480px) 480px, (min-width: 481px) 696px, 100vw\" \/><\/figure>\n\n\n\n<p>Podgorica, (MINA) \u2013 Zakon o oduzimanju imovine ste\u010dene kriminalnom djelatno\u0161\u0107u najpotrebniji je Crnoj Gori i predstavlja jedno od najzna\u010dajnih zakonskih rje\u0161enja, koje \u0107e se uskoro na\u0107i pred poslanicima, kazao je premijer Dritan Abazovi\u0107.<\/p>\n\n\n\n<p>On je, na regionalnoj konferenciji \u201eEfektivno oduzimanje imovine ste\u010dene kriminalnom djelatno\u0161\u0107u u skladu sa evropskim standardima\u201c, ocijenio da \u0107e borba protiv korupcije na regionalnom nivou voditi ka ve\u0107em pomirenju i progresu dr\u017eava regiona i u\u010diniti da se sve zemlje Zapadnog Balkana \u0161to prije na\u0111u u Evropskskoj uniji.<\/p>\n\n\n\n<p>Regionalnu konferenciju organizovali su Ministarstvo pravde Crne Gore, AIRE centar i Regionalna antikorupcijska inicijativa (RAI), uz podr\u0161ku Vlade Ujedinjenog Kraljevstva.<\/p>\n\n\n\n<p>Abazovi\u0107 je poru\u010dio da je Vlada apsolutno posve\u0107ena vladavini prava i intenzivnoj borbi protiv organizovanog kriminala i korupcije.<\/p>\n\n\n\n<p>Prema njegovim rije\u010dima, bez dobrih zakonskih rje\u0161enja takva borba je usporena, ote\u017eana i ne daje adekvatne rezultate.<\/p>\n\n\n\n<p>Zato se, kako je naveo Abazovi\u0107, mora raditi na ispravljanju postoje\u0107ih zakonskih rje\u0161enja i dono\u0161enju novih koja \u0107e omogu\u0107iti ve\u0107u efikasnost.<\/p>\n\n\n\n<p>\u201cZakon o oduzimanju imovine ste\u010dene kriminalnom djelatno\u0161\u0107u jedno je od najzna\u010dajnih rje\u0161enja koje \u0107e se uskoro na\u0107i pred poslanicima crnogorskog parlamenta\u201c, kazao je Abazovi\u0107.<\/p>\n\n\n\n<p>On je rekao da je Ministarstvo pravde u zavr\u0161noj fazi i da o\u010dekuje da Vlada uskoro utvrdi predlog tog zakona.<\/p>\n\n\n\n<p>Abazovi\u0107 je naveo da kriminalne grupe u Crnoj Gori, kao i u regionu i svijetu, imaju veliku finansijsku mo\u0107.<\/p>\n\n\n\n<p>\u201eDa bismo do\u0161li do na\u010dina na koji su sticali tu finansijska mo\u0107, moramo imati zakonska rje\u0161enja koja \u0107e omogu\u0107iti da se ta mo\u0107 ograni\u010di, stopira, ili u slu\u010dajevima u kojima se doka\u017ee da je imovina ste\u010dena nezakonito to stavi u funkciju potreba gra\u0111ana\u201c, kazao je Abazovi\u0107.<\/p>\n\n\n\n<p>On je istakao da borba protiv korupcije nije ni\u010diji hir, niti \u017eelja za posebnim dokazivanjem.<\/p>\n\n\n\n<p>\u201eTo je na\u010din na koji \u0107emo ostvarivati ve\u0107e prihode u bud\u017eetu, da umjesto u privatne d\u017eepove onih koji su to stekli nelegalno, novac ide za javno zdravstvo, \u0161kolstvo, infrastrukturu, plate. Ovaj zakon je ne\u0161to \u0161to je najpotrebnije u Crnoj Gori\u201c, naglasio je Abazovi\u0107.<\/p>\n\n\n\n<p>On je kazao da je potrebno zakonsko rje\u0161enje koje je primjenjivo.<\/p>\n\n\n\n<p>\u201eNe treba nam zakonsko rje\u0161enje samo na papiru, ve\u0107 ono koje \u0107e na\u0161e institucije mo\u0107i da koriste\u201c, dodao je Abazovi\u0107.<\/p>\n\n\n\n<p>On je naveo da vjeruje da se, nakon dosta konsulatcija sa Evropskom komisijom (EK) i unutar pravne zajednice u Crnoj Gori, do\u0161lo do zakononskog rje\u0161enja koje \u0107e biti efikasan alat.<\/p>\n\n\n\n<p>Abazovi\u0107 je poru\u010dio da je jako zna\u010dajno da se do tog zakonskog rje\u0161enja do\u0111e \u0161to prije jer \u0107e njegova implementacija zahtijevati neko vrijeme.<\/p>\n\n\n\n<p>On je pozdravio napore Dr\u017eavnog tu\u017eila\u0161tva, koje \u010dini sve da isporu\u010de rezultate u vladavini prava.<\/p>\n\n\n\n<p>Ti rezultati su, kako je naveo, evidentirani u izvje\u0161taju EK.<\/p>\n\n\n\n<p>Abazovi\u0107 je kazao da misli da se Crna Goea mo\u017ee pohvaliti da je borba protiv korupcije zapo\u010dela i ima dinamiku.<\/p>\n\n\n\n<p>\u201eSa evropskim javnim tu\u017eiocem potpisan je sporazum, \u010dime je Dr\u017eavno tu\u017eila\u0161tvo Crne Gore uspostavilo i taj vid saradnje, \u0161to otvara jo\u0161 jednu perspektivu\u201c, rekao je Abazovi\u0107.<\/p>\n\n\n\n<p>Abazovi\u0107 je ponovio da iza nacionalizma na Zapadnom Balkanu stoji korupcija.<\/p>\n\n\n\n<p>\u201eManje korupcije manje nacionalizma, a vi\u0161e pomirenja\u201c, dodao je Abazovi\u0107.<\/p>\n\n\n\n<p>Programska direktorica AIRE centra za Zapadni Balkan, Biljana Braithwaite, kazala je da organizovani kriminal i korupcija predstavljaju veliku prepreku gra\u0111enju demokratske stabilnosti, vladavine prava i izvor su ozbiljne zabrinutosti za sve zemlje i me\u0111unarodne institucije.<\/p>\n\n\n\n<p>Ona je rekla da su AIRE centar i RAI jo\u0161 2017. godine po\u010deli da podr\u017eavaju zemlje Zapadnog Balkana kako bi unaprijedili kapacitete za oduzimanje imovinske koriste ste\u010dene krivi\u010dnim djelom.<\/p>\n\n\n\n<p>Kako je navela Braithwaite, kada su AIRE centar i RAI pokrenuli aktivnosti regionalnog povezivanja, obuke, zagovaranje dobrih praksi, znali su da \u0107e ispred njih biti izazovi.<\/p>\n\n\n\n<p>\u201eU najve\u0107im trenucima izazova za regionalni dijalog rekla bih da je pravosu\u0111e nastavilo da razgovara\u201c, istakla je Braithwaite.<\/p>\n\n\n\n<p>Ona je poru\u010dila da se povjerenje u pravosudni sistem mo\u017ee graditi samo na osnovu nezavisnog i nepristrasnog djelovanja svakog tu\u017eioca i sudije pojedina\u010dno.<\/p>\n\n\n\n<p>Braithwaite je kazala da nijesu bez razloga danas u Crnoj Gori.<\/p>\n\n\n\n<p>AIRE centar, kako je navela, redovno radi sa pravosu\u0111em u Crnoj Gori na ja\u010danju kapaciteta sudija i tu\u017eioca.<\/p>\n\n\n\n<p>\u201cKroz mre\u017eu eksperata za oduzimanje i upravljanje imovinskom koristi proisteklom iz kriminalne djelatnosti, stvorili smo temelje za razmjenu dobrih praksi. Postali smo jedan od va\u0161ih partnera na evropskom putu, ka ostvarenju vladavine prava i za\u0161tite ljudskih prava\u201d, kazala je Braithwaite.<\/p>\n\n\n\n<p>Ona je rekla da su tu da zagovaraju saradnju koja nije zasnovana na velikim govorima, ve\u0107 na konkretnim akcijama.<\/p>\n\n\n\n<p>Zamjenik britanske ambasadorke u Crnoj Gori, Stiv Arik, kazao je da je u posljednje tri i po godine Britanska ambasada zna\u010dajno pove\u0107ala podr\u0161ku crnogorskom pravosudnom, tu\u017eila\u010dkom sistemu i organima za sprovo\u0111enje zakona, u tome \u0161to je zajedni\u010dki izazov, a to je borba protiv organizovanog kriminala i korupcije.<\/p>\n\n\n\n<p>On je rekao da su obavili veliki niz obuka u cilju izgradnje kapaciteta.<\/p>\n\n\n\n<p>\u201eRezultati saradnje bi\u0107e dobri samo ukoliko postoji spremnosti u sistemu da se obave temeljne reforme\u201c, poru\u010dio je Arik.<\/p>\n\n\n\n<p>Kako je naveo, ovogodi\u0161nji izvje\u0161taj EK o napretku opet nagla\u0161ava potrebu da se osna\u017ee finansijske istrage, kao i kapaciteti za upravljanje i oduzimanje imovine koja je ste\u010dena krivi\u010dnim djelom.<\/p>\n\n\n\n<p>Arik je rekao da je va\u017eno stvari uraditi na pravi na\u010din, a ne brzo.<\/p>\n\n\n\n<p>\u201eVrlo sam svjestan pozitivnih stvari, koje su se desile u prethodnom periodu. Imali smo istorijske zapljene. \u0160to se ti\u010de oduzimanja imovine, ona ja apsolutno klju\u010dna kako bi se postavila kazna adekvatna za po\u010dinioce\u201c, naveo je Arik.<\/p>\n\n\n\n<p>\u0160efica Sekretarijata RAI Desislava Gotskova kazala je da imaju veliko iskustvo u podr\u0161ci pri oduzimanju imovine ste\u010dene kriminalnom djelatno\u0161\u0107u u Jugoisto\u010dnoj Evropi, kao i u ja\u010danju kapaciteta nacionalnih organa i unapre\u0111enju regionalne saradnje.<\/p>\n\n\n\n<p>\u201eUz podr\u0161ku Vlade Ujedinjenog Kraljevstva, RAI i AIRE centar rade ve\u0107 vi\u0161e od pet godina zajedno kako bi se unaprijedilo oduzimanje imovine u regionu i razmijenile najbolje prakse\u201c, navela je Gotskova.<\/p>\n\n\n\n<p>Ona je dodala da je dana\u0161nja konferencija sjajna prilika da se predstave i prodiskutuju o me\u0111unarodnoj i regionalnoj perspektivi oduzimanja imovine.<\/p>\n\n\n\n<p>Izvor: <a href=\"https:\/\/mina.news\/vijesti-iz-crne-gore\/drustvo\/abazovic-zakon-o-porijeklu-imovine-najpotrebniji\/\" target=\"_blank\" rel=\"noreferrer noopener\">https:\/\/mina.news\/vijesti-iz-crne-gore\/drustvo\/abazovic-zakon-o-porijeklu-imovine-najpotrebniji\/<\/a><\/p>\n","protected":false},"excerpt":{"rendered":"<p>Podgorica, (MINA) \u2013 Zakon o oduzimanju imovine ste\u010dene kriminalnom djelatno\u0161\u0107u najpotrebniji je Crnoj Gori i predstavlja jedno od najzna\u010dajnih zakonskih rje\u0161enja, koje \u0107e se uskoro na\u0107i pred poslanicima, kazao je premijer Dritan Abazovi\u0107. On je, na regionalnoj konferenciji \u201eEfektivno oduzimanje imovine ste\u010dene kriminalnom djelatno\u0161\u0107u u skladu sa evropskim standardima\u201c, ocijenio da \u0107e borba protiv korupcije [&hellip;]<\/p>\n","protected":false},"author":3,"featured_media":1343,"comment_status":"open","ping_status":"open","sticky":false,"template":"","format":"standard","meta":{"_et_pb_use_builder":"","_et_pb_old_content":"","_et_gb_content_width":"","footnotes":""},"categories":[9],"tags":[],"class_list":["post-1342","post","type-post","status-publish","format-standard","has-post-thumbnail","hentry","category-projekat-u-medijima"],"_links":{"self":[{"href":"https:\/\/arrplatform.org\/bcms\/wp-json\/wp\/v2\/posts\/1342","targetHints":{"allow":["GET"]}}],"collection":[{"href":"https:\/\/arrplatform.org\/bcms\/wp-json\/wp\/v2\/posts"}],"about":[{"href":"https:\/\/arrplatform.org\/bcms\/wp-json\/wp\/v2\/types\/post"}],"author":[{"embeddable":true,"href":"https:\/\/arrplatform.org\/bcms\/wp-json\/wp\/v2\/users\/3"}],"replies":[{"embeddable":true,"href":"https:\/\/arrplatform.org\/bcms\/wp-json\/wp\/v2\/comments?post=1342"}],"version-history":[{"count":1,"href":"https:\/\/arrplatform.org\/bcms\/wp-json\/wp\/v2\/posts\/1342\/revisions"}],"predecessor-version":[{"id":1344,"href":"https:\/\/arrplatform.org\/bcms\/wp-json\/wp\/v2\/posts\/1342\/revisions\/1344"}],"wp:featuredmedia":[{"embeddable":true,"href":"https:\/\/arrplatform.org\/bcms\/wp-json\/wp\/v2\/media\/1343"}],"wp:attachment":[{"href":"https:\/\/arrplatform.org\/bcms\/wp-json\/wp\/v2\/media?parent=1342"}],"wp:term":[{"taxonomy":"category","embeddable":true,"href":"https:\/\/arrplatform.org\/bcms\/wp-json\/wp\/v2\/categories?post=1342"},{"taxonomy":"post_tag","embeddable":true,"href":"https:\/\/arrplatform.org\/bcms\/wp-json\/wp\/v2\/tags?post=1342"}],"curies":[{"name":"wp","href":"https:\/\/api.w.org\/{rel}","templated":true}]}}