{"id":855,"date":"2021-03-09T14:36:00","date_gmt":"2021-03-09T13:36:00","guid":{"rendered":"https:\/\/arrplatform.org\/bcms\/?p=855"},"modified":"2023-02-22T16:07:53","modified_gmt":"2023-02-22T15:07:53","slug":"zavrsna-konferencija-realizatora-projekta-jacanja-regionalne-saradnje-u-oduzimanju-imovinske-koristi-pribavljene-krivicnim-djelom-u-jugoistocnoj-evropi","status":"publish","type":"post","link":"https:\/\/arrplatform.org\/bcms\/2021\/03\/09\/zavrsna-konferencija-realizatora-projekta-jacanja-regionalne-saradnje-u-oduzimanju-imovinske-koristi-pribavljene-krivicnim-djelom-u-jugoistocnoj-evropi\/","title":{"rendered":"Zavr\u0161na konferencija realizatora projekta ja\u010danja regionalne saradnje u oduzimanju imovinske koristi pribavljene krivi\u010dnim djelom u Jugoisto\u010dnoj Evropi (VIDEO)"},"content":{"rendered":"\n<p>AIRE Centar je zajedno sa Regionalnom antikorupcijskom inicijativom (RAI) 9. marta 2021. odr\u017eao zavr\u0161nu konferenciju na kojoj je predstavio rezultate dvogodi\u0161njeg projekta posve\u0107enog ja\u010danju regionalne saradnje u oduzimanju imovinske koristi pribavljene krivi\u010dnim djelom u Jugoisto\u010dnoj Evropi. Na ovoj konferenciji je predstavljen zavr\u0161ni izvje\u0161taj o napretku ostvarenom tokom realizacije projekta, a u\u010desnici su dobili priliku da komentiraju svoj rad, kao i trenutne i budu\u0107e napore usmjerene na suzbijanje korupcije i borbu protiv organiziranog kriminala.<\/p>\n\n\n\n<p>Konferenciji su prisustvovali regionalni i vode\u0107i me\u0111unarodni stru\u010dnjaci u provo\u0111enju zakona i oduzimanju imovinske koristi. Na ovom skupu su izlagali Tim Eicke, sudija Evropskog suda za ljudska prava, izabran u ime Ujedinjenog Kraljevstva, Hanne Juncher, izvr\u0161ni sekretar Grupe dr\u017eava za borbu protiv korupcije, i Burkhard Muhl, direktor Evropskog centra za borbu protiv finansijskog i privrednog kriminala pri EUROPOL-u.<\/p>\n\n\n\n<p>Od 2018. do 2021. godine AIRE Centar je sara\u0111ivao sa sudijama, tu\u017eiocima i donosiocima odluka u \u0161est jurisdikcija. U tom periodu je pripremio posebne publikacije o oduzimanju imovinske koristi, organizirao obuke i studijske posjete, te postavio temelje za standardizirano prikupljanje i analizu statisti\u010dkih podataka o oduzetoj imovini \u0161irom regiona. Provo\u0111enje ovog projekta je doprinijelo odre\u0111ivanju oduzimanja imovinske koristi kao regionalnog politi\u010dkog cilja i pripremilo teren za uspostavljanje regionalne mre\u017ee prakti\u010dara i stru\u010dnjaka za oduzimanje imovinske koristi.<\/p>\n\n\n\n<p>Konferencija je odr\u017eana istovremeno na dva na\u010dina. Centralni skup, kojem su prisustvovali govornici i na kojem je predstavljen izvje\u0161taj, odr\u017ean je u Sarajevu, a sa njima su putem videolinka bili povezani u\u010desnici okupljeni u \u0161est regionalnih centara u svim jurisdikcijama. Provo\u0111enje projekta i zavr\u0161ni skup je podr\u017eala Vlada Ujedinjenog Kraljevstva, a pomo\u0107 AIRE Centru i RAI je pru\u017eila i Fondacija \u201cKonrad Adenauer\u201d.<\/p>\n\n\n\n<p><\/p>\n\n\n\n<p><\/p>\n\n\n\n<figure class=\"wp-block-embed is-type-video is-provider-youtube wp-block-embed-youtube wp-embed-aspect-16-9 wp-has-aspect-ratio\"><div class=\"wp-block-embed__wrapper\">\n<iframe loading=\"lazy\" title=\"AIRE Centre &amp; RAI Secretariat Asset Recovery Project (2018-2021) - Final Conference\" width=\"1080\" height=\"608\" src=\"https:\/\/www.youtube.com\/embed\/hSRTRzCDFqc?feature=oembed\"  allow=\"accelerometer; autoplay; clipboard-write; encrypted-media; gyroscope; picture-in-picture\" allowfullscreen><\/iframe>\n<\/div><\/figure>\n","protected":false},"excerpt":{"rendered":"<p>AIRE Centar je zajedno sa Regionalnom antikorupcijskom inicijativom (RAI) 9. marta 2021. odr\u017eao zavr\u0161nu konferenciju na kojoj je predstavio rezultate dvogodi\u0161njeg projekta posve\u0107enog ja\u010danju regionalne saradnje u oduzimanju imovinske koristi pribavljene krivi\u010dnim djelom u Jugoisto\u010dnoj Evropi. Na ovoj konferenciji je predstavljen zavr\u0161ni izvje\u0161taj o napretku ostvarenom tokom realizacije projekta, a u\u010desnici su dobili priliku da [&hellip;]<\/p>\n","protected":false},"author":3,"featured_media":0,"comment_status":"open","ping_status":"open","sticky":false,"template":"","format":"standard","meta":{"_et_pb_use_builder":"off","_et_pb_old_content":"","_et_gb_content_width":"","footnotes":""},"categories":[8],"tags":[],"class_list":["post-855","post","type-post","status-publish","format-standard","hentry","category-dogadjaji"],"_links":{"self":[{"href":"https:\/\/arrplatform.org\/bcms\/wp-json\/wp\/v2\/posts\/855","targetHints":{"allow":["GET"]}}],"collection":[{"href":"https:\/\/arrplatform.org\/bcms\/wp-json\/wp\/v2\/posts"}],"about":[{"href":"https:\/\/arrplatform.org\/bcms\/wp-json\/wp\/v2\/types\/post"}],"author":[{"embeddable":true,"href":"https:\/\/arrplatform.org\/bcms\/wp-json\/wp\/v2\/users\/3"}],"replies":[{"embeddable":true,"href":"https:\/\/arrplatform.org\/bcms\/wp-json\/wp\/v2\/comments?post=855"}],"version-history":[{"count":4,"href":"https:\/\/arrplatform.org\/bcms\/wp-json\/wp\/v2\/posts\/855\/revisions"}],"predecessor-version":[{"id":1434,"href":"https:\/\/arrplatform.org\/bcms\/wp-json\/wp\/v2\/posts\/855\/revisions\/1434"}],"wp:attachment":[{"href":"https:\/\/arrplatform.org\/bcms\/wp-json\/wp\/v2\/media?parent=855"}],"wp:term":[{"taxonomy":"category","embeddable":true,"href":"https:\/\/arrplatform.org\/bcms\/wp-json\/wp\/v2\/categories?post=855"},{"taxonomy":"post_tag","embeddable":true,"href":"https:\/\/arrplatform.org\/bcms\/wp-json\/wp\/v2\/tags?post=855"}],"curies":[{"name":"wp","href":"https:\/\/api.w.org\/{rel}","templated":true}]}}